{"id":456,"date":"2026-03-14T20:45:17","date_gmt":"2026-03-14T19:45:17","guid":{"rendered":"https:\/\/anf-planig.de\/?p=456"},"modified":"2026-03-14T20:45:19","modified_gmt":"2026-03-14T19:45:19","slug":"2026-umweltschutztag","status":"publish","type":"post","link":"https:\/\/anf-planig.de\/?p=456","title":{"rendered":"2026 Umweltschutztag"},"content":{"rendered":"\n<p>Beim diesj\u00e4hrigen Umweltschutztag unseres Angelvereins konnten wir uns \u00fcber zahlreiche Helferinnen und Helfer freuen \u2013 von den j\u00fcngsten bis zu den \u00e4ltesten Mitgliedern waren viele tatkr\u00e4ftig dabei. Gemeinsam wurde rund um unsere Gew\u00e4sser aufger\u00e4umt und f\u00fcr mehr Sauberkeit in der Natur gesorgt.<\/p>\n\n\n\n<p>Erfreulicherweise wurde insgesamt etwas weniger M\u00fcll gefunden als in den vergangenen Jahren. Dennoch kam einiges zusammen. Besonders am See wurde viel Unrat entdeckt, darunter sogar gr\u00f6\u00dfere Gegenst\u00e4nde wie ein Einkaufswagen und kaputte Gartenm\u00f6bel. An einigen Stellen, an denen h\u00e4ufig Autos von Hundebesitzern stehen, fanden wir au\u00dferdem zahlreiche Taschent\u00fccher, leere Zigarettenschachteln sowie diverses Hundespielzeug.<\/p>\n\n\n\n<p>Das Wetter hat zum Gl\u00fcck mitgespielt: Auch wenn es etwas windig war, blieb es trocken und sorgte so f\u00fcr gute Arbeitsbedingungen. Gleichzeitig zeigte sich die Natur bereits von ihrer sch\u00f6nen Seite \u2013 die ersten B\u00e4ume und Str\u00e4ucher beginnen zu bl\u00fchen und k\u00fcndigen den Fr\u00fchling an.<\/p>\n\n\n\n<p>Zum Abschluss des erfolgreichen Arbeitseinsatzes kamen alle Helferinnen und Helfer noch zu einem gemeinsamen Essen zusammen. Dabei konnten wir den Tag gem\u00fctlich ausklingen lassen und uns \u00fcber die geleistete Arbeit austauschen. Ein herzliches Dankesch\u00f6n an alle, die mit angepackt und zum Gelingen dieses Umweltschutztages beigetragen haben!<\/p>\n\n\n\n<figure class=\"wp-block-image size-large is-style-default\"><img loading=\"lazy\" decoding=\"async\" width=\"1024\" height=\"768\" src=\"https:\/\/anf-planig.de\/wp-content\/uploads\/2026\/03\/IMG_20260314_122026720-1024x768.jpg\" alt=\"\" class=\"wp-image-458\" srcset=\"https:\/\/anf-planig.de\/wp-content\/uploads\/2026\/03\/IMG_20260314_122026720-1024x768.jpg 1024w, https:\/\/anf-planig.de\/wp-content\/uploads\/2026\/03\/IMG_20260314_122026720-300x225.jpg 300w, https:\/\/anf-planig.de\/wp-content\/uploads\/2026\/03\/IMG_20260314_122026720-768x576.jpg 768w, https:\/\/anf-planig.de\/wp-content\/uploads\/2026\/03\/IMG_20260314_122026720-1536x1152.jpg 1536w, https:\/\/anf-planig.de\/wp-content\/uploads\/2026\/03\/IMG_20260314_122026720-2048x1536.jpg 2048w\" sizes=\"auto, (max-width: 1024px) 100vw, 1024px\" \/><\/figure>\n\n\n\n<figure class=\"wp-block-gallery has-nested-images columns-default is-cropped wp-block-gallery-1 is-layout-flex wp-block-gallery-is-layout-flex\">\n<figure class=\"wp-block-image size-large\"><img loading=\"lazy\" decoding=\"async\" width=\"768\" height=\"1024\" data-id=\"457\" src=\"https:\/\/anf-planig.de\/wp-content\/uploads\/2026\/03\/WhatsApp-Image-2026-03-14-at-10.11.17-768x1024.jpeg\" alt=\"\" class=\"wp-image-457\" srcset=\"https:\/\/anf-planig.de\/wp-content\/uploads\/2026\/03\/WhatsApp-Image-2026-03-14-at-10.11.17-768x1024.jpeg 768w, https:\/\/anf-planig.de\/wp-content\/uploads\/2026\/03\/WhatsApp-Image-2026-03-14-at-10.11.17-225x300.jpeg 225w, https:\/\/anf-planig.de\/wp-content\/uploads\/2026\/03\/WhatsApp-Image-2026-03-14-at-10.11.17-1152x1536.jpeg 1152w, https:\/\/anf-planig.de\/wp-content\/uploads\/2026\/03\/WhatsApp-Image-2026-03-14-at-10.11.17.jpeg 1536w\" sizes=\"auto, (max-width: 768px) 100vw, 768px\" \/><\/figure>\n\n\n\n<figure class=\"wp-block-image size-large\"><img loading=\"lazy\" decoding=\"async\" width=\"1024\" height=\"768\" data-id=\"459\" src=\"https:\/\/anf-planig.de\/wp-content\/uploads\/2026\/03\/IMG_20260314_121726753-1024x768.jpg\" alt=\"\" class=\"wp-image-459\" srcset=\"https:\/\/anf-planig.de\/wp-content\/uploads\/2026\/03\/IMG_20260314_121726753-1024x768.jpg 1024w, https:\/\/anf-planig.de\/wp-content\/uploads\/2026\/03\/IMG_20260314_121726753-300x225.jpg 300w, https:\/\/anf-planig.de\/wp-content\/uploads\/2026\/03\/IMG_20260314_121726753-768x576.jpg 768w, https:\/\/anf-planig.de\/wp-content\/uploads\/2026\/03\/IMG_20260314_121726753-1536x1152.jpg 1536w, https:\/\/anf-planig.de\/wp-content\/uploads\/2026\/03\/IMG_20260314_121726753-2048x1536.jpg 2048w\" sizes=\"auto, (max-width: 1024px) 100vw, 1024px\" \/><\/figure>\n\n\n\n<figure class=\"wp-block-image size-large\"><img loading=\"lazy\" decoding=\"async\" width=\"768\" height=\"1024\" data-id=\"460\" src=\"https:\/\/anf-planig.de\/wp-content\/uploads\/2026\/03\/IMG_20260314_100131350-768x1024.jpg\" alt=\"\" class=\"wp-image-460\" srcset=\"https:\/\/anf-planig.de\/wp-content\/uploads\/2026\/03\/IMG_20260314_100131350-768x1024.jpg 768w, https:\/\/anf-planig.de\/wp-content\/uploads\/2026\/03\/IMG_20260314_100131350-225x300.jpg 225w, https:\/\/anf-planig.de\/wp-content\/uploads\/2026\/03\/IMG_20260314_100131350-1152x1536.jpg 1152w, https:\/\/anf-planig.de\/wp-content\/uploads\/2026\/03\/IMG_20260314_100131350-1536x2048.jpg 1536w, https:\/\/anf-planig.de\/wp-content\/uploads\/2026\/03\/IMG_20260314_100131350-scaled.jpg 1920w\" sizes=\"auto, (max-width: 768px) 100vw, 768px\" \/><\/figure>\n\n\n\n<figure class=\"wp-block-image size-large\"><img loading=\"lazy\" decoding=\"async\" width=\"769\" height=\"1024\" data-id=\"461\" src=\"https:\/\/anf-planig.de\/wp-content\/uploads\/2026\/03\/IMG_20260314_095022553-769x1024.jpg\" alt=\"\" class=\"wp-image-461\" srcset=\"https:\/\/anf-planig.de\/wp-content\/uploads\/2026\/03\/IMG_20260314_095022553-769x1024.jpg 769w, https:\/\/anf-planig.de\/wp-content\/uploads\/2026\/03\/IMG_20260314_095022553-225x300.jpg 225w, https:\/\/anf-planig.de\/wp-content\/uploads\/2026\/03\/IMG_20260314_095022553-768x1022.jpg 768w, https:\/\/anf-planig.de\/wp-content\/uploads\/2026\/03\/IMG_20260314_095022553-1154x1536.jpg 1154w, https:\/\/anf-planig.de\/wp-content\/uploads\/2026\/03\/IMG_20260314_095022553-1538x2048.jpg 1538w, https:\/\/anf-planig.de\/wp-content\/uploads\/2026\/03\/IMG_20260314_095022553-scaled.jpg 1923w\" sizes=\"auto, (max-width: 769px) 100vw, 769px\" \/><\/figure>\n<\/figure>\n","protected":false},"excerpt":{"rendered":"<p>Beim diesj\u00e4hrigen Umweltschutztag unseres Angelvereins konnten wir uns \u00fcber zahlreiche Helferinnen und Helfer freuen \u2013 von den j\u00fcngsten bis zu den \u00e4ltesten Mitgliedern waren viele tatkr\u00e4ftig dabei. Gemeinsam wurde rund &#8230;<\/p>\n","protected":false},"author":1,"featured_media":0,"comment_status":"closed","ping_status":"closed","sticky":false,"template":"","format":"standard","meta":{"footnotes":""},"categories":[1],"tags":[],"class_list":["post-456","post","type-post","status-publish","format-standard","hentry","category-allgemein"],"aioseo_notices":[],"jetpack_featured_media_url":"","_links":{"self":[{"href":"https:\/\/anf-planig.de\/index.php?rest_route=\/wp\/v2\/posts\/456","targetHints":{"allow":["GET"]}}],"collection":[{"href":"https:\/\/anf-planig.de\/index.php?rest_route=\/wp\/v2\/posts"}],"about":[{"href":"https:\/\/anf-planig.de\/index.php?rest_route=\/wp\/v2\/types\/post"}],"author":[{"embeddable":true,"href":"https:\/\/anf-planig.de\/index.php?rest_route=\/wp\/v2\/users\/1"}],"replies":[{"embeddable":true,"href":"https:\/\/anf-planig.de\/index.php?rest_route=%2Fwp%2Fv2%2Fcomments&post=456"}],"version-history":[{"count":1,"href":"https:\/\/anf-planig.de\/index.php?rest_route=\/wp\/v2\/posts\/456\/revisions"}],"predecessor-version":[{"id":462,"href":"https:\/\/anf-planig.de\/index.php?rest_route=\/wp\/v2\/posts\/456\/revisions\/462"}],"wp:attachment":[{"href":"https:\/\/anf-planig.de\/index.php?rest_route=%2Fwp%2Fv2%2Fmedia&parent=456"}],"wp:term":[{"taxonomy":"category","embeddable":true,"href":"https:\/\/anf-planig.de\/index.php?rest_route=%2Fwp%2Fv2%2Fcategories&post=456"},{"taxonomy":"post_tag","embeddable":true,"href":"https:\/\/anf-planig.de\/index.php?rest_route=%2Fwp%2Fv2%2Ftags&post=456"}],"curies":[{"name":"wp","href":"https:\/\/api.w.org\/{rel}","templated":true}]}}